{"id":1131,"date":"2023-11-09T18:14:24","date_gmt":"2023-11-09T18:14:24","guid":{"rendered":"https:\/\/wordpress-467974-4028234.cloudwaysapps.com\/taller-estrategia-digital-para-museos-teoria-y-practica\/"},"modified":"2023-12-12T13:04:08","modified_gmt":"2023-12-12T13:04:08","slug":"oficina-estrategia-digital-para-museus-teoria-y-practica","status":"publish","type":"post","link":"https:\/\/10encuentro.ibermuseos.org\/pt-br\/oficina-estrategia-digital-para-museus-teoria-y-practica\/","title":{"rendered":"Oficina: Estrat\u00e9gia digital para museus, teor\u00eda y pr\u00e1ctica"},"content":{"rendered":"","protected":false},"excerpt":{"rendered":"","protected":false},"author":1,"featured_media":0,"comment_status":"open","ping_status":"open","sticky":false,"template":"","format":"standard","meta":{"footnotes":""},"categories":[20,47],"tags":[44],"class_list":["post-1131","post","type-post","status-publish","format-standard","hentry","category-jornada-1-pt-br","category-talleres-jornada-1-pt-br","tag-virtualidad-pt-br"],"acf":[],"_links":{"self":[{"href":"https:\/\/10encuentro.ibermuseos.org\/pt-br\/wp-json\/wp\/v2\/posts\/1131","targetHints":{"allow":["GET"]}}],"collection":[{"href":"https:\/\/10encuentro.ibermuseos.org\/pt-br\/wp-json\/wp\/v2\/posts"}],"about":[{"href":"https:\/\/10encuentro.ibermuseos.org\/pt-br\/wp-json\/wp\/v2\/types\/post"}],"author":[{"embeddable":true,"href":"https:\/\/10encuentro.ibermuseos.org\/pt-br\/wp-json\/wp\/v2\/users\/1"}],"replies":[{"embeddable":true,"href":"https:\/\/10encuentro.ibermuseos.org\/pt-br\/wp-json\/wp\/v2\/comments?post=1131"}],"version-history":[{"count":3,"href":"https:\/\/10encuentro.ibermuseos.org\/pt-br\/wp-json\/wp\/v2\/posts\/1131\/revisions"}],"predecessor-version":[{"id":1570,"href":"https:\/\/10encuentro.ibermuseos.org\/pt-br\/wp-json\/wp\/v2\/posts\/1131\/revisions\/1570"}],"wp:attachment":[{"href":"https:\/\/10encuentro.ibermuseos.org\/pt-br\/wp-json\/wp\/v2\/media?parent=1131"}],"wp:term":[{"taxonomy":"category","embeddable":true,"href":"https:\/\/10encuentro.ibermuseos.org\/pt-br\/wp-json\/wp\/v2\/categories?post=1131"},{"taxonomy":"post_tag","embeddable":true,"href":"https:\/\/10encuentro.ibermuseos.org\/pt-br\/wp-json\/wp\/v2\/tags?post=1131"}],"curies":[{"name":"wp","href":"https:\/\/api.w.org\/{rel}","templated":true}]}}